{"id":643,"date":"2017-08-09T16:47:00","date_gmt":"2017-08-09T16:47:00","guid":{"rendered":"https:\/\/stratpoints.eu\/?p=643"},"modified":"2025-05-05T16:50:38","modified_gmt":"2025-05-05T16:50:38","slug":"komunikat-strategia-bezpieczenstwa-cybernetycznego-unii-europejskiej","status":"publish","type":"post","link":"https:\/\/stratpoints.eu\/?p=643","title":{"rendered":"KOMUNIKAT | STRATEGIA BEZPIECZE\u0143STWA CYBERNETYCZNEGO UNII EUROPEJSKIEJ"},"content":{"rendered":"\n<p>Dokument oficjalny; KOMISJA EUROPEJSKA, Bruksela, 2013<\/p>\n\n\n\n<p>| WSP\u00d3LNY KOMUNIKAT DO PARLAMENTU EUROPEJSKIEGO, RADY, EUROPEJSKIEGO KOMITETU EKONOMICZNO-SPO\u0141ECZNEGO I KOMITETU REGION\u00d3W.<\/p>\n\n\n\n<p><\/p>\n\n\n\n<p>FRAGMENT:<br>| W ci\u0105gu ostatnich dw\u00f3ch dziesi\u0119cioleci internet oraz szerzej rozumiana cyberprzestrze\u0144 mia\u0142y olbrzymi wp\u0142yw na wszystkie aspekty funkcjonowania spo\u0142ecze\u0144stwa. Nasze codzienne \u017cycie, prawa podstawowe, interakcje spo\u0142eczne i gospodarka uzale\u017cnione s\u0105 od sprawnie funkcjonuj\u0105cych technologii informacyjno\u2013komunikacyjnych. Otwarta i wolna cyberprzestrze\u0144 wspiera w\u0142\u0105czenie polityczne i spo\u0142eczne na ca\u0142ym \u015bwiecie, usuwa bariery mi\u0119dzy pa\u0144stwami, spo\u0142eczno\u015bciami i obywatelami, umo\u017cliwiaj\u0105c interakcj\u0119 oraz wymian\u0119 informacji i pomys\u0142\u00f3w w skali \u015bwiatowej, stanowi forum, na kt\u00f3rym promuje si\u0119 wolno\u015b\u0107 s\u0142owa i korzystanie z praw podstawowych, oraz daje spo\u0142ecze\u0144stwom szans\u0119 na walk\u0119 o bardziej demokratyczne i sprawiedliwe rz\u0105dy \u2013 co mia\u0142o miejsce zw\u0142aszcza podczas arabskiej wiosny.<\/p>\n\n\n\n<div class=\"wp-block-columns is-layout-flex wp-container-core-columns-is-layout-9d6595d7 wp-block-columns-is-layout-flex\">\n<div class=\"wp-block-column is-layout-flow wp-block-column-is-layout-flow\" style=\"flex-basis:100%\">\n<div class=\"wp-block-columns is-layout-flex wp-container-core-columns-is-layout-9d6595d7 wp-block-columns-is-layout-flex\">\n<div class=\"wp-block-column is-layout-flow wp-block-column-is-layout-flow\"><\/div>\n\n\n\n<div class=\"wp-block-column is-layout-flow wp-block-column-is-layout-flow\"><\/div>\n<\/div>\n<\/div>\n<\/div>\n","protected":false},"excerpt":{"rendered":"<p>Dokument oficjalny; KOMISJA EUROPEJSKA, Bruksela, 2013<\/p>\n<p>|    WSP\u00d3LNY KOMUNIKAT DO PARLAMENTU EUROPEJSKIEGO, RADY, EUROPEJSKIEGO KOMITETU EKONOMICZNO-SPO\u0141ECZNEGO I KOMITETU REGION\u00d3W.<\/p>\n","protected":false},"author":1,"featured_media":644,"comment_status":"closed","ping_status":"closed","sticky":false,"template":"","format":"standard","meta":{"saved_in_kubio":false,"footnotes":""},"categories":[4],"tags":[],"class_list":["post-643","post","type-post","status-publish","format-standard","has-post-thumbnail","hentry","category-publikacje"],"_links":{"self":[{"href":"https:\/\/stratpoints.eu\/index.php?rest_route=\/wp\/v2\/posts\/643","targetHints":{"allow":["GET"]}}],"collection":[{"href":"https:\/\/stratpoints.eu\/index.php?rest_route=\/wp\/v2\/posts"}],"about":[{"href":"https:\/\/stratpoints.eu\/index.php?rest_route=\/wp\/v2\/types\/post"}],"author":[{"embeddable":true,"href":"https:\/\/stratpoints.eu\/index.php?rest_route=\/wp\/v2\/users\/1"}],"replies":[{"embeddable":true,"href":"https:\/\/stratpoints.eu\/index.php?rest_route=%2Fwp%2Fv2%2Fcomments&post=643"}],"version-history":[{"count":1,"href":"https:\/\/stratpoints.eu\/index.php?rest_route=\/wp\/v2\/posts\/643\/revisions"}],"predecessor-version":[{"id":646,"href":"https:\/\/stratpoints.eu\/index.php?rest_route=\/wp\/v2\/posts\/643\/revisions\/646"}],"wp:featuredmedia":[{"embeddable":true,"href":"https:\/\/stratpoints.eu\/index.php?rest_route=\/wp\/v2\/media\/644"}],"wp:attachment":[{"href":"https:\/\/stratpoints.eu\/index.php?rest_route=%2Fwp%2Fv2%2Fmedia&parent=643"}],"wp:term":[{"taxonomy":"category","embeddable":true,"href":"https:\/\/stratpoints.eu\/index.php?rest_route=%2Fwp%2Fv2%2Fcategories&post=643"},{"taxonomy":"post_tag","embeddable":true,"href":"https:\/\/stratpoints.eu\/index.php?rest_route=%2Fwp%2Fv2%2Ftags&post=643"}],"curies":[{"name":"wp","href":"https:\/\/api.w.org\/{rel}","templated":true}]}}